{"id":4184,"date":"2023-03-31T21:27:10","date_gmt":"2023-03-31T20:27:10","guid":{"rendered":"https:\/\/naturalwalks.com\/jornada-de-puertas-abiertas-escuela-naturalwalks\/"},"modified":"2023-03-31T21:40:45","modified_gmt":"2023-03-31T20:40:45","slug":"jornada-de-puertas-abiertas-escuela-naturalwalks","status":"publish","type":"post","link":"https:\/\/naturalwalks.com\/es\/jornada-de-puertas-abiertas-escuela-naturalwalks\/","title":{"rendered":"Jornada de puertas abiertas Escuela Naturalwalks"},"content":{"rendered":"<p>[et_pb_section fb_built=\u00bb1&#8243; next_background_color=\u00bb#ffffff\u00bb _builder_version=\u00bb4.19.4&#8243; _dynamic_attributes=\u00bbbackground_image\u00bb _module_preset=\u00bbdefault\u00bb background_image=\u00bb@ET-DC@eyJkeW5hbWljIjp0cnVlLCJjb250ZW50IjoicG9zdF9mZWF0dXJlZF9pbWFnZSIsInNldHRpbmdzIjp7fX0=@\u00bb custom_margin=\u00bb0px||||false|false\u00bb custom_padding=\u00bb0px||||false|false\u00bb bottom_divider_style=\u00bbcurve\u00bb bottom_divider_height=\u00bb40px\u00bb bottom_divider_height_tablet=\u00bb30px\u00bb bottom_divider_height_phone=\u00bb15px\u00bb bottom_divider_height_last_edited=\u00bbon|desktop\u00bb global_colors_info=\u00bb{}\u00bb][et_pb_row _builder_version=\u00bb4.19.4&#8243; _module_preset=\u00bbdefault\u00bb global_colors_info=\u00bb{}\u00bb][et_pb_column type=\u00bb4_4&#8243; _builder_version=\u00bb4.19.4&#8243; _module_preset=\u00bbdefault\u00bb global_colors_info=\u00bb{}\u00bb][et_pb_divider show_divider=\u00bboff\u00bb _builder_version=\u00bb4.19.4&#8243; _module_preset=\u00bbdefault\u00bb min_height=\u00bb400px\u00bb min_height_tablet=\u00bb250px\u00bb min_height_phone=\u00bb100px\u00bb min_height_last_edited=\u00bbon|desktop\u00bb max_height=\u00bb400px\u00bb global_colors_info=\u00bb{}\u00bb][\/et_pb_divider][\/et_pb_column][\/et_pb_row][\/et_pb_section][et_pb_section fb_built=\u00bb1&#8243; _builder_version=\u00bb4.19.4&#8243; _module_preset=\u00bbdefault\u00bb custom_margin=\u00bb0px||-50px||false|false\u00bb custom_padding=\u00bb0px||||false|false\u00bb global_colors_info=\u00bb{}\u00bb][et_pb_row _builder_version=\u00bb4.19.4&#8243; _module_preset=\u00bbdefault\u00bb global_colors_info=\u00bb{}\u00bb][et_pb_column type=\u00bb4_4&#8243; _builder_version=\u00bb4.19.4&#8243; _module_preset=\u00bbdefault\u00bb global_colors_info=\u00bb{}\u00bb][et_pb_text _builder_version=\u00bb4.19.4&#8243; _dynamic_attributes=\u00bbcontent\u00bb _module_preset=\u00bbdefault\u00bb text_font=\u00bbOpen Sans|700|||||||\u00bb text_text_color=\u00bb#386024&#8243; text_font_size=\u00bb25px\u00bb text_orientation=\u00bbcenter\u00bb text_font_size_tablet=\u00bb\u00bb text_font_size_phone=\u00bb20px\u00bb text_font_size_last_edited=\u00bbon|desktop\u00bb global_colors_info=\u00bb{}\u00bb]@ET-DC@eyJkeW5hbWljIjp0cnVlLCJjb250ZW50IjoicG9zdF90aXRsZSIsInNldHRpbmdzIjp7ImJlZm9yZSI6IiIsImFmdGVyIjoiIn19@[\/et_pb_text][\/et_pb_column][\/et_pb_row][et_pb_row column_structure=\u00bb3_5,2_5&#8243; _builder_version=\u00bb4.19.4&#8243; _module_preset=\u00bbdefault\u00bb global_colors_info=\u00bb{}\u00bb][et_pb_column type=\u00bb3_5&#8243; _builder_version=\u00bb4.19.4&#8243; _module_preset=\u00bbdefault\u00bb global_colors_info=\u00bb{}\u00bb][et_pb_text _builder_version=\u00bb4.19.4&#8243; _module_preset=\u00bbdefault\u00bb global_colors_info=\u00bb{}\u00bb]<\/p>\n<p>Os invitamos a pasar un d\u00eda rodeados de naturaleza y con unas impresionantes vistas del Montseny, donde podr\u00e1 conocer m\u00e1s a fondo qu\u00e9 es nuestra escuela a trav\u00e9s de diferentes talleres gratuitos.<\/p>\n<p>Si lo dese\u00e1is tambi\u00e9n pod\u00e9is llevar la comida y disfrutar durante todo el d\u00eda de la privilegiada ubicaci\u00f3n del albergue El Polell.<\/p>\n<p>Es necesaria inscripci\u00f3n previa<\/p>\n<p><strong>Programa:<\/strong><br \/>10:00 &#8211; 11:30 &#8211; Los polinizadores del Montseny<br \/>Descubriremos sobre el terreno los insectos polinizadores, su funci\u00f3n y su importancia en la vida.<\/p>\n<p>12:00- 13:30 &#8211; La naturaleza como aliada por nuestra salud<br \/>Taller pr\u00e1ctico donde entenderemos y experimentaremos porqu\u00e9 la naturaleza nos puede beneficiar a muchos niveles.<\/p>\n<p>15:00 &#8211; 16:30 &#8211; Plantas medicinales de temporada, recolecci\u00f3n y usos<br \/>Aprenderemos a identificar, recolectar y usar algunas plantas y hierbas de temporada que nos pueden ser muy \u00fatiles tanto en la cocina como en el botiqu\u00edn.<\/p>\n<p>17:00 &#8211; 18:30 &#8211; Taller pr\u00e1ctico sobre guiaje e interpretaci\u00f3n de naturaleza<br \/>Haremos ejercicios para poner en pr\u00e1ctica el arte del guiado y la interpretaci\u00f3n.<\/p>\n<p>[\/et_pb_text][\/et_pb_column][et_pb_column type=\u00bb2_5&#8243; _builder_version=\u00bb4.19.4&#8243; _module_preset=\u00bbdefault\u00bb global_colors_info=\u00bb{}\u00bb][et_pb_text _builder_version=\u00bb4.20.2&#8243; _module_preset=\u00bbdefault\u00bb text_text_color=\u00bb#31561e\u00bb header_4_font=\u00bbOpen Sans||||||||\u00bb header_4_text_color=\u00bb#31561e\u00bb header_4_font_size=\u00bb17px\u00bb header_4_line_height=\u00bb1.3em\u00bb background_color=\u00bbrgba(182,214,124,0.29)\u00bb custom_margin=\u00bb||||false|false\u00bb custom_padding=\u00bb15px|15px|90px|15px|false|true\u00bb hover_enabled=\u00bb0&#8243; box_shadow_style=\u00bbpreset2&#8243; box_shadow_spread=\u00bb-5px\u00bb global_colors_info=\u00bb{}\u00bb sticky_enabled=\u00bb0&#8243;]<\/p>\n<h4 style=\"text-align: center;\"><strong>S\u00e1bado 15 abril<br \/><\/strong><\/h4>\n<h4 style=\"text-align: center;\"><strong>Lugar: <span style=\"color: #008000;\"><a href=\"https:\/\/www.polellmontseny.com\/\" style=\"color: #008000;\">El Polell<\/a><\/span> (Parque Natural del Montseny)<\/strong><\/h4>\n<h4 style=\"text-align: center;\"><strong>\u00a0<\/strong><\/h4>\n<h4 style=\"text-align: center;\"><strong> <\/strong><\/h4>\n<p style=\"text-align: left;\"><strong><\/strong><\/p>\n<p style=\"text-align: justify;\">[\/et_pb_text][et_pb_button button_url=\u00bb@ET-DC@eyJkeW5hbWljIjp0cnVlLCJjb250ZW50IjoicG9zdF9saW5rX3VybF9wYWdlIiwic2V0dGluZ3MiOnsicG9zdF9pZCI6IjIyMjMifX0=@\u00bb button_text=\u00bbReserva\u00bb button_alignment=\u00bbcenter\u00bb _builder_version=\u00bb4.19.4&#8243; _dynamic_attributes=\u00bbbutton_url\u00bb _module_preset=\u00bbdefault\u00bb custom_button=\u00bbon\u00bb button_text_color=\u00bb#ffffff\u00bb button_bg_color=\u00bb#386024&#8243; button_border_width=\u00bb0px\u00bb button_border_color=\u00bb#FFFFFF\u00bb button_border_radius=\u00bb5px\u00bb button_font=\u00bbOpen Sans|600|||||||\u00bb button_icon=\u00bb&#xf138;||fa||900&#8243; button_on_hover=\u00bboff\u00bb custom_margin=\u00bb-100px||||false|false\u00bb global_colors_info=\u00bb{}\u00bb button_bg_color__hover_enabled=\u00bbon|desktop\u00bb button_text_color__hover_enabled=\u00bbon|hover\u00bb button_text_color__hover=\u00bb#386024&#8243; button_bg_color__hover=\u00bb#FFFFFF\u00bb button_bg_enable_color__hover=\u00bbon\u00bb button_border_width__hover_enabled=\u00bboff|hover\u00bb button_border_width__hover=\u00bb0px\u00bb button_border_color__hover_enabled=\u00bbon|desktop\u00bb button_border_color__hover=\u00bbRGBA(255,255,255,0)\u00bb button_icon_color__hover_enabled=\u00bbon|desktop\u00bb][\/et_pb_button][\/et_pb_column][\/et_pb_row][\/et_pb_section]<\/p>\n","protected":false},"excerpt":{"rendered":"<p>15 abril 2023<\/p>\n","protected":false},"author":1,"featured_media":4178,"comment_status":"closed","ping_status":"closed","sticky":false,"template":"","format":"standard","meta":{"_et_pb_use_builder":"on","_et_pb_old_content":"","_et_gb_content_width":"","footnotes":""},"categories":[6],"tags":[],"class_list":["post-4184","post","type-post","status-publish","format-standard","has-post-thumbnail","hentry","category-sin-categorizar"],"aioseo_notices":[],"_links":{"self":[{"href":"https:\/\/naturalwalks.com\/es\/wp-json\/wp\/v2\/posts\/4184","targetHints":{"allow":["GET"]}}],"collection":[{"href":"https:\/\/naturalwalks.com\/es\/wp-json\/wp\/v2\/posts"}],"about":[{"href":"https:\/\/naturalwalks.com\/es\/wp-json\/wp\/v2\/types\/post"}],"author":[{"embeddable":true,"href":"https:\/\/naturalwalks.com\/es\/wp-json\/wp\/v2\/users\/1"}],"replies":[{"embeddable":true,"href":"https:\/\/naturalwalks.com\/es\/wp-json\/wp\/v2\/comments?post=4184"}],"version-history":[{"count":6,"href":"https:\/\/naturalwalks.com\/es\/wp-json\/wp\/v2\/posts\/4184\/revisions"}],"predecessor-version":[{"id":4190,"href":"https:\/\/naturalwalks.com\/es\/wp-json\/wp\/v2\/posts\/4184\/revisions\/4190"}],"wp:featuredmedia":[{"embeddable":true,"href":"https:\/\/naturalwalks.com\/es\/wp-json\/wp\/v2\/media\/4178"}],"wp:attachment":[{"href":"https:\/\/naturalwalks.com\/es\/wp-json\/wp\/v2\/media?parent=4184"}],"wp:term":[{"taxonomy":"category","embeddable":true,"href":"https:\/\/naturalwalks.com\/es\/wp-json\/wp\/v2\/categories?post=4184"},{"taxonomy":"post_tag","embeddable":true,"href":"https:\/\/naturalwalks.com\/es\/wp-json\/wp\/v2\/tags?post=4184"}],"curies":[{"name":"wp","href":"https:\/\/api.w.org\/{rel}","templated":true}]}}