{"id":4271,"date":"2023-04-03T20:48:53","date_gmt":"2023-04-03T19:48:53","guid":{"rendered":"https:\/\/naturalwalks.com\/vacaciones-entre-hierbas-y-flores-silvestres\/"},"modified":"2026-04-21T19:32:44","modified_gmt":"2026-04-21T18:32:44","slug":"vacaciones-entre-hierbas-y-flores-silvestres","status":"publish","type":"post","link":"https:\/\/naturalwalks.com\/es\/vacaciones-entre-hierbas-y-flores-silvestres\/","title":{"rendered":"Vacaciones en el Pallars: un viaje a la esencia de la naturaleza, entre flores y cultura"},"content":{"rendered":"<p>[et_pb_section fb_built=\u00bb1&#8243; next_background_color=\u00bb#ffffff\u00bb _builder_version=\u00bb4.19.4&#8243; _dynamic_attributes=\u00bbbackground_image\u00bb _module_preset=\u00bbdefault\u00bb background_image=\u00bb@ET-DC@eyJkeW5hbWljIjp0cnVlLCJjb250ZW50IjoicG9zdF9mZWF0dXJlZF9pbWFnZSIsInNldHRpbmdzIjp7ImVuYWJsZV9odG1sIjoib2ZmIn19@\u00bb custom_margin=\u00bb0px||||false|false\u00bb custom_padding=\u00bb0px||||false|false\u00bb bottom_divider_style=\u00bbcurve\u00bb bottom_divider_height=\u00bb40px\u00bb bottom_divider_height_tablet=\u00bb30px\u00bb bottom_divider_height_phone=\u00bb15px\u00bb bottom_divider_height_last_edited=\u00bbon|desktop\u00bb da_disable_devices=\u00bboff|off|off\u00bb global_colors_info=\u00bb{}\u00bb da_is_popup=\u00bboff\u00bb da_exit_intent=\u00bboff\u00bb da_has_close=\u00bbon\u00bb da_alt_close=\u00bboff\u00bb da_dark_close=\u00bboff\u00bb da_not_modal=\u00bbon\u00bb da_is_singular=\u00bboff\u00bb da_with_loader=\u00bboff\u00bb da_has_shadow=\u00bbon\u00bb][et_pb_row _builder_version=\u00bb4.19.4&#8243; _module_preset=\u00bbdefault\u00bb global_colors_info=\u00bb{}\u00bb][et_pb_column type=\u00bb4_4&#8243; _builder_version=\u00bb4.19.4&#8243; _module_preset=\u00bbdefault\u00bb global_colors_info=\u00bb{}\u00bb][et_pb_divider show_divider=\u00bboff\u00bb _builder_version=\u00bb4.19.4&#8243; _module_preset=\u00bbdefault\u00bb min_height=\u00bb400px\u00bb min_height_tablet=\u00bb250px\u00bb min_height_phone=\u00bb100px\u00bb min_height_last_edited=\u00bbon|desktop\u00bb max_height=\u00bb400px\u00bb global_colors_info=\u00bb{}\u00bb][\/et_pb_divider][\/et_pb_column][\/et_pb_row][\/et_pb_section][et_pb_section fb_built=\u00bb1&#8243; _builder_version=\u00bb4.19.4&#8243; _module_preset=\u00bbdefault\u00bb custom_margin=\u00bb0px||-66px||false|false\u00bb custom_padding=\u00bb0px||13px||false|false\u00bb da_disable_devices=\u00bboff|off|off\u00bb global_colors_info=\u00bb{}\u00bb da_is_popup=\u00bboff\u00bb da_exit_intent=\u00bboff\u00bb da_has_close=\u00bbon\u00bb da_alt_close=\u00bboff\u00bb da_dark_close=\u00bboff\u00bb da_not_modal=\u00bbon\u00bb da_is_singular=\u00bboff\u00bb da_with_loader=\u00bboff\u00bb da_has_shadow=\u00bbon\u00bb][et_pb_row _builder_version=\u00bb4.19.4&#8243; _module_preset=\u00bbdefault\u00bb global_colors_info=\u00bb{}\u00bb][et_pb_column type=\u00bb4_4&#8243; _builder_version=\u00bb4.19.4&#8243; _module_preset=\u00bbdefault\u00bb global_colors_info=\u00bb{}\u00bb][et_pb_text _builder_version=\u00bb4.19.4&#8243; _dynamic_attributes=\u00bbcontent\u00bb _module_preset=\u00bbdefault\u00bb text_font=\u00bbOpen Sans|700|||||||\u00bb text_text_color=\u00bb#386024&#8243; text_font_size=\u00bb26px\u00bb text_orientation=\u00bbcenter\u00bb text_font_size_tablet=\u00bb\u00bb text_font_size_phone=\u00bb20px\u00bb text_font_size_last_edited=\u00bbon|desktop\u00bb global_colors_info=\u00bb{}\u00bb]@ET-DC@eyJkeW5hbWljIjp0cnVlLCJjb250ZW50IjoicG9zdF90aXRsZSIsInNldHRpbmdzIjp7ImJlZm9yZSI6IiIsImFmdGVyIjoiIiwiZW5hYmxlX2h0bWwiOiJvZmYifX0=@[\/et_pb_text][\/et_pb_column][\/et_pb_row][et_pb_row column_structure=\u00bb3_5,2_5&#8243; _builder_version=\u00bb4.19.4&#8243; _module_preset=\u00bbdefault\u00bb global_colors_info=\u00bb{}\u00bb][et_pb_column type=\u00bb3_5&#8243; _builder_version=\u00bb4.19.4&#8243; _module_preset=\u00bbdefault\u00bb global_colors_info=\u00bb{}\u00bb][et_pb_text _builder_version=\u00bb4.27.5&#8243; _module_preset=\u00bbdefault\u00bb global_colors_info=\u00bb{}\u00bb]<\/p>\n<p><strong>Incluye:<\/strong><br \/>\u2013 Gu\u00eda profesional experto en Naturaleza y el uso de las plantas y setas: Evarist March.<br \/>\u2013 Dossier con el listado de las plantas, setas, animales vistos en cada salida.<br \/>\u2013 Talleres de cada jornada, con recetas y todo el material necesario.<br \/>\u2013 Asesoramiento posterior para la identificaci\u00f3n de im\u00e1genes y dudas que tengas.<br \/>\u2013 Seguro de viaje.<br \/>\u2013 Ticket -ida- Telef\u00e9rico de la Vall Fosca.<br \/>\u2013 Tr\u00e1mites y ayuda en todo lo que necesites durante el proceso.<\/p>\n<p><strong>No incluye:<\/strong><br \/>Alojamiento: A solicitar directamente a:<br \/>Casa Rural \u2013 Casa Leonardo (Senterada. Pirineo de Lleida)<br \/>Dispone de habitaciones individuales, dobles o triples que se pueden compartir si es necesario. En caso de carecer de espacio se buscar\u00e1n otros alojamientos de la localidad.<\/p>\n<p><strong>Gu\u00eda del viaje:<\/strong><br \/>Evarist March, bi\u00f3logo y etnobot\u00e1nico, su pasi\u00f3n es la naturaleza.<br \/>Director de Naturalwalks, gastrobot\u00e1nico de la Bodega de Can Roca, y especialista en la formaci\u00f3n de gu\u00edas de naturaleza y entrenador oficial de Interpret Europe, la asociaci\u00f3n europea de profesionales de la interpretaci\u00f3n del patrimonio. Consultor gastrobot\u00e1nico en Latinoam\u00e9rica y Espa\u00f1a<\/p>\n<p>[\/et_pb_text][et_pb_video src=\u00bbhttps:\/\/youtu.be\/qZ8w10FeRG4&#8243; _builder_version=\u00bb4.27.5&#8243; _module_preset=\u00bbdefault\u00bb global_colors_info=\u00bb{}\u00bb][\/et_pb_video][et_pb_text _builder_version=\u00bb4.27.5&#8243; _module_preset=\u00bbdefault\u00bb global_colors_info=\u00bb{}\u00bb]<\/p>\n<p><strong>Programa de las vacaciones:<\/strong><\/p>\n<p><strong>D\u00eda 1: Cadolla <\/strong>\u2013 Senterada y las plantas y sus usos en la regi\u00f3n.<br \/>Caminata llana para integrarnos en el nuevo paisaje de la monta\u00f1a mediterr\u00e1nea y su cultura local. Desde el municipio de Cadolla visitaremos los restos de un antiguo Molino harinero, y de camino descubriremos las leyendas alrededor de las brujas de la zona, iniciaremos para conocer los principales grupos de plantas y flores, especialmente las m\u00e1s preciadas como las orqu\u00eddeas silvestres o las plantas de prados, los principales \u00e1rboles y arbustos floridos y la fauna.<br \/>Final de la tarde: taller de las hierbas del Pallars.<\/p>\n<p><strong>D\u00eda 2: C\u00e8rvoles<\/strong>, y las plantas por infusiones y bebidas.<br \/>Subida hasta el pueblo de C\u00e8rvoles donde podremos perder nuestra vista hasta lo m\u00e1s lejos del valle para retomar el camino a Burguet, donde realizaremos la visita al Dolmen de la Cabaneta del Moro -opcional- ya la Microreserva de la Tremoluga de Naens. Por el camino nos dar\u00e1 tiempo de aprender las historias de la trashumancia hacia el Pirineo, aprender c\u00f3mo ha cambiado el paisaje en el \u00faltimo siglo hasta la fecha, conocer monumentos megal\u00edticos de los or\u00edgenes de los pobladores originarios y disfrutar de primera mano de un bosque de Tr\u00e8mols protegido y extraordinario en nuestro pa\u00eds.<br \/>Final de la tarde: taller de Ratafia Pallaresa.<\/p>\n<p><strong>D\u00eda 3: La Sierra de Neret<\/strong><br \/>Caminata al sur del Pallars, cerca de Tremp, en un entorno muy poco conocido que nos habla de los or\u00edgenes de una fascinante cantera hist\u00f3rica escondida que revela el ingenio y artesan\u00eda de los antiguos habitantes. En un paisaje tan inh\u00f3spito como fascinante, la geolog\u00eda toma protagonismo, y nos conduce a una cuenca que fue una antigua playa tropical, que hoy nos sorprende con paisajes lunares, formas y colores que inspirar\u00edan a todo tipo de artistas en un entorno donde podremos perdernos con olores y sabores de buena parte de las plantas.<br \/>La actividad es posible -para concretar- que acabe con una cata de vinos de la zona.<br \/>Final de la tarde: taller de creaci\u00f3n de aceite de golpe.<\/p>\n<p><strong>D\u00eda 4: Estanque Gento<\/strong> y las plantas medicinales.<br \/>Visita al Estany Gento dentro del Parque Natural de Aig\u00fcestortes y Sant Maurici para disfrutar del olor fresco de los prados de alta monta\u00f1a, especialmente de su flora alpina. Con un descenso siguiendo el trazo del antiguo carrilet hasta la Vall Fosca.<br \/>Final de la tarde: taller de sopa de Tomillo.<\/p>\n<p><strong>D\u00eda 5: Estanque de Montcort\u00e8s<\/strong> y las plantas pallaresas con usos diversos.<br \/>Excursi\u00f3n de despedida bajo la sombra de los pinares y robledales para llegar hasta el lago de Montcort\u00e8s, un peque\u00f1o estanque k\u00e1rstico entre prados lleno de sorpresas naturalistas. D\u00eda de paseo a la sombra, comida caliente de campo y un remoj\u00f3n para refrescarse en las aguas cristalinas. Despedida.<\/p>\n<p>[\/et_pb_text][\/et_pb_column][et_pb_column type=\u00bb2_5&#8243; _builder_version=\u00bb4.19.4&#8243; _module_preset=\u00bbdefault\u00bb global_colors_info=\u00bb{}\u00bb][et_pb_text _builder_version=\u00bb4.27.5&#8243; _module_preset=\u00bbdefault\u00bb text_text_color=\u00bb#31561e\u00bb header_4_font=\u00bbOpen Sans||||||||\u00bb header_4_text_color=\u00bb#31561e\u00bb header_4_line_height=\u00bb1.3em\u00bb background_color=\u00bbrgba(182,214,124,0.29)\u00bb custom_margin=\u00bb||||false|false\u00bb custom_padding=\u00bb15px|15px|90px|15px|false|true\u00bb box_shadow_style=\u00bbpreset2&#8243; box_shadow_spread=\u00bb-5px\u00bb global_colors_info=\u00bb{}\u00bb]<\/p>\n<h4 style=\"text-align: center;\"><strong>12 al 17 de julio 2026<\/strong><\/h4>\n<h4 style=\"text-align: center;\"><strong>Lugar: Senterada <\/strong><strong>(Vall Fosca)<\/strong><\/h4>\n<p style=\"text-align: left;\"><strong><\/strong><\/p>\n<p style=\"text-align: left;\">Precio: 395 \u20ac\/persona, gu\u00eda y servicios (alojamiento no incluido).<\/p>\n<p style=\"text-align: left;\">(Consigue un 10% de descuento sobre el precio total reservando antes del 10 de junio)<\/p>\n<p style=\"text-align: justify;\"><em><\/em><\/p>\n<p>[\/et_pb_text][et_pb_button button_url=\u00bb@ET-DC@eyJkeW5hbWljIjp0cnVlLCJjb250ZW50IjoicG9zdF9saW5rX3VybF9wYWdlIiwic2V0dGluZ3MiOnsicG9zdF9pZCI6IjIyMjMiLCJlbmFibGVfaHRtbCI6Im9mZiJ9fQ==@\u00bb button_text=\u00bbReserva\u00bb button_alignment=\u00bbcenter\u00bb _builder_version=\u00bb4.19.4&#8243; _dynamic_attributes=\u00bbbutton_url\u00bb _module_preset=\u00bbdefault\u00bb custom_button=\u00bbon\u00bb button_text_color=\u00bb#ffffff\u00bb button_bg_color=\u00bb#386024&#8243; button_border_width=\u00bb0px\u00bb button_border_color=\u00bb#FFFFFF\u00bb button_border_radius=\u00bb5px\u00bb button_font=\u00bbOpen Sans|600|||||||\u00bb button_icon=\u00bb&#xf138;||fa||900&#8243; button_on_hover=\u00bboff\u00bb custom_margin=\u00bb-100px||||false|false\u00bb global_colors_info=\u00bb{}\u00bb button_bg_color__hover_enabled=\u00bbon|desktop\u00bb button_text_color__hover_enabled=\u00bbon|hover\u00bb button_text_color__hover=\u00bb#386024&#8243; button_bg_color__hover=\u00bb#FFFFFF\u00bb button_bg_enable_color__hover=\u00bbon\u00bb button_border_width__hover_enabled=\u00bboff|hover\u00bb button_border_width__hover=\u00bb0px\u00bb button_border_color__hover_enabled=\u00bbon|desktop\u00bb button_border_color__hover=\u00bbRGBA(255,255,255,0)\u00bb button_icon_color__hover_enabled=\u00bbon|desktop\u00bb][\/et_pb_button][\/et_pb_column][\/et_pb_row][\/et_pb_section]<\/p>\n","protected":false},"excerpt":{"rendered":"<p>12 al 17 julio 2026<\/p>\n","protected":false},"author":1,"featured_media":7760,"comment_status":"closed","ping_status":"closed","sticky":false,"template":"","format":"standard","meta":{"_et_pb_use_builder":"on","_et_pb_old_content":"","_et_gb_content_width":"","footnotes":""},"categories":[136],"tags":[],"class_list":["post-4271","post","type-post","status-publish","format-standard","has-post-thumbnail","hentry","category-julio-2026"],"aioseo_notices":[],"_links":{"self":[{"href":"https:\/\/naturalwalks.com\/es\/wp-json\/wp\/v2\/posts\/4271","targetHints":{"allow":["GET"]}}],"collection":[{"href":"https:\/\/naturalwalks.com\/es\/wp-json\/wp\/v2\/posts"}],"about":[{"href":"https:\/\/naturalwalks.com\/es\/wp-json\/wp\/v2\/types\/post"}],"author":[{"embeddable":true,"href":"https:\/\/naturalwalks.com\/es\/wp-json\/wp\/v2\/users\/1"}],"replies":[{"embeddable":true,"href":"https:\/\/naturalwalks.com\/es\/wp-json\/wp\/v2\/comments?post=4271"}],"version-history":[{"count":19,"href":"https:\/\/naturalwalks.com\/es\/wp-json\/wp\/v2\/posts\/4271\/revisions"}],"predecessor-version":[{"id":7773,"href":"https:\/\/naturalwalks.com\/es\/wp-json\/wp\/v2\/posts\/4271\/revisions\/7773"}],"wp:featuredmedia":[{"embeddable":true,"href":"https:\/\/naturalwalks.com\/es\/wp-json\/wp\/v2\/media\/7760"}],"wp:attachment":[{"href":"https:\/\/naturalwalks.com\/es\/wp-json\/wp\/v2\/media?parent=4271"}],"wp:term":[{"taxonomy":"category","embeddable":true,"href":"https:\/\/naturalwalks.com\/es\/wp-json\/wp\/v2\/categories?post=4271"},{"taxonomy":"post_tag","embeddable":true,"href":"https:\/\/naturalwalks.com\/es\/wp-json\/wp\/v2\/tags?post=4271"}],"curies":[{"name":"wp","href":"https:\/\/api.w.org\/{rel}","templated":true}]}}