{"id":5424,"date":"2024-03-17T21:11:25","date_gmt":"2024-03-17T20:11:25","guid":{"rendered":"https:\/\/naturalwalks.com\/maridaje-con-flores-silvestres-mediterraneas-y-vinos-de-lemporda\/"},"modified":"2024-03-17T21:14:09","modified_gmt":"2024-03-17T20:14:09","slug":"maridaje-con-flores-silvestres-mediterraneas-y-vinos-de-lemporda","status":"publish","type":"post","link":"https:\/\/naturalwalks.com\/es\/maridaje-con-flores-silvestres-mediterraneas-y-vinos-de-lemporda\/","title":{"rendered":"Maridaje con flores silvestres mediterr\u00e1neas y vinos de l&#8217;Empord\u00e0"},"content":{"rendered":"<p>[et_pb_section fb_built=\u00bb1&#8243; next_background_color=\u00bb#ffffff\u00bb _builder_version=\u00bb4.23.1&#8243; _dynamic_attributes=\u00bbbackground_image\u00bb _module_preset=\u00bbdefault\u00bb background_image=\u00bb@ET-DC@eyJkeW5hbWljIjp0cnVlLCJjb250ZW50IjoicG9zdF9mZWF0dXJlZF9pbWFnZSIsInNldHRpbmdzIjp7fX0=@\u00bb background_position=\u00bbtop_center\u00bb background_vertical_offset=\u00bb31%\u00bb custom_margin=\u00bb0px||||false|false\u00bb custom_padding=\u00bb0px||||false|false\u00bb bottom_divider_style=\u00bbcurve\u00bb bottom_divider_height=\u00bb40px\u00bb bottom_divider_height_tablet=\u00bb30px\u00bb bottom_divider_height_phone=\u00bb15px\u00bb bottom_divider_height_last_edited=\u00bbon|phone\u00bb global_colors_info=\u00bb{}\u00bb][et_pb_row _builder_version=\u00bb4.19.4&#8243; _module_preset=\u00bbdefault\u00bb global_colors_info=\u00bb{}\u00bb][et_pb_column type=\u00bb4_4&#8243; _builder_version=\u00bb4.19.4&#8243; _module_preset=\u00bbdefault\u00bb global_colors_info=\u00bb{}\u00bb][et_pb_divider show_divider=\u00bboff\u00bb _builder_version=\u00bb4.19.4&#8243; _module_preset=\u00bbdefault\u00bb min_height=\u00bb400px\u00bb min_height_tablet=\u00bb200px\u00bb min_height_phone=\u00bb\u00bb min_height_last_edited=\u00bbon|phone\u00bb max_height=\u00bb400px\u00bb global_colors_info=\u00bb{}\u00bb][\/et_pb_divider][\/et_pb_column][\/et_pb_row][\/et_pb_section][et_pb_section fb_built=\u00bb1&#8243; _builder_version=\u00bb4.19.4&#8243; _module_preset=\u00bbdefault\u00bb custom_margin=\u00bb0px||||false|false\u00bb custom_padding=\u00bb0px||||false|false\u00bb global_colors_info=\u00bb{}\u00bb][et_pb_row _builder_version=\u00bb4.19.4&#8243; _module_preset=\u00bbdefault\u00bb global_colors_info=\u00bb{}\u00bb][et_pb_column type=\u00bb4_4&#8243; _builder_version=\u00bb4.19.4&#8243; _module_preset=\u00bbdefault\u00bb global_colors_info=\u00bb{}\u00bb][et_pb_text _builder_version=\u00bb4.19.4&#8243; _dynamic_attributes=\u00bbcontent\u00bb _module_preset=\u00bbdefault\u00bb text_font=\u00bbOpen Sans|700|||||||\u00bb text_text_color=\u00bb#386024&#8243; text_font_size=\u00bb25px\u00bb text_orientation=\u00bbcenter\u00bb text_font_size_tablet=\u00bb25px\u00bb text_font_size_phone=\u00bb20px\u00bb text_font_size_last_edited=\u00bbon|desktop\u00bb global_colors_info=\u00bb{}\u00bb]@ET-DC@eyJkeW5hbWljIjp0cnVlLCJjb250ZW50IjoicG9zdF90aXRsZSIsInNldHRpbmdzIjp7ImJlZm9yZSI6IiIsImFmdGVyIjoiIn19@[\/et_pb_text][\/et_pb_column][\/et_pb_row][et_pb_row column_structure=\u00bb3_5,2_5&#8243; _builder_version=\u00bb4.19.4&#8243; _module_preset=\u00bbdefault\u00bb global_colors_info=\u00bb{}\u00bb][et_pb_column type=\u00bb3_5&#8243; _builder_version=\u00bb4.19.4&#8243; _module_preset=\u00bbdefault\u00bb global_colors_info=\u00bb{}\u00bb][et_pb_text _builder_version=\u00bb4.23.1&#8243; _module_preset=\u00bbdefault\u00bb hover_enabled=\u00bb0&#8243; global_colors_info=\u00bb{}\u00bb sticky_enabled=\u00bb0&#8243;]<\/p>\n<p>Recorre la Finca Bell-lloc y sus alrededores con el bi\u00f3logo Evarist March en busca de plantas y flores que nos acompa\u00f1ar\u00e1n al maridaje de 4 vinos Brugarol.<\/p>\n<p>Maridaje con flores silvestres mediterr\u00e1neas y vinos. Una mirada singular y original que combina en el paladar, el paisaje vegetal y la historia a trav\u00e9s del vino. La actividad se presenta en dos partes diferenciadas: un paseo por el entorno cultural de la Finca Bell-lloc y los alrededores para descubrir las hierbas y flores arom\u00e1ticas del territorio, y una degustaci\u00f3n de vinos maridados con flores en el Celler Brugarol.<\/p>\n<p>[\/et_pb_text][\/et_pb_column][et_pb_column type=\u00bb2_5&#8243; _builder_version=\u00bb4.19.4&#8243; _module_preset=\u00bbdefault\u00bb global_colors_info=\u00bb{}\u00bb][et_pb_text _builder_version=\u00bb4.23.1&#8243; _module_preset=\u00bbdefault\u00bb text_text_color=\u00bb#31561e\u00bb header_4_font=\u00bbOpen Sans||||||||\u00bb header_4_text_color=\u00bb#31561e\u00bb header_4_font_size=\u00bb17px\u00bb header_4_line_height=\u00bb1.3em\u00bb background_color=\u00bbrgba(182,214,124,0.29)\u00bb custom_margin=\u00bb||||false|false\u00bb custom_padding=\u00bb15px|15px|90px|15px|false|true\u00bb box_shadow_style=\u00bbpreset2&#8243; box_shadow_spread=\u00bb-5px\u00bb global_colors_info=\u00bb{}\u00bb]<\/p>\n<h4 style=\"text-align: center;\"><strong>S\u00e1bado 6 de abril<br \/><\/strong><\/h4>\n<h4 style=\"text-align: center;\"><strong>Lugar: <\/strong>Celler Brugarol<\/h4>\n<h4 style=\"text-align: center;\">Finca Bell-lloc- Palam\u00f3s<\/h4>\n<h4 style=\"text-align: center;\"><strong>10:00 &#8211; 13:00<\/strong><\/h4>\n<p style=\"text-align: left;\"><strong><\/strong><\/p>\n<p style=\"text-align: left;\"><strong>Precio:<\/strong><\/p>\n<p>55,00\u20ac<\/p>\n<p style=\"text-align: justify;\"><em><\/em><\/p>\n<p>[\/et_pb_text][et_pb_button button_url=\u00bb@ET-DC@eyJkeW5hbWljIjp0cnVlLCJjb250ZW50IjoicG9zdF9saW5rX3VybF9wYWdlIiwic2V0dGluZ3MiOnsicG9zdF9pZCI6IjIyMjMifX0=@\u00bb button_text=\u00bbReserva\u00bb button_alignment=\u00bbcenter\u00bb _builder_version=\u00bb4.19.4&#8243; _dynamic_attributes=\u00bbbutton_url\u00bb _module_preset=\u00bbdefault\u00bb custom_button=\u00bbon\u00bb button_text_color=\u00bb#ffffff\u00bb button_bg_color=\u00bb#386024&#8243; button_border_width=\u00bb0px\u00bb button_border_color=\u00bb#FFFFFF\u00bb button_border_radius=\u00bb5px\u00bb button_font=\u00bbOpen Sans|600|||||||\u00bb button_icon=\u00bb&#xf138;||fa||900&#8243; button_on_hover=\u00bboff\u00bb custom_margin=\u00bb-100px||||false|false\u00bb global_colors_info=\u00bb{}\u00bb button_bg_color__hover_enabled=\u00bbon|desktop\u00bb button_text_color__hover_enabled=\u00bbon|hover\u00bb button_text_color__hover=\u00bb#386024&#8243; button_bg_color__hover=\u00bb#FFFFFF\u00bb button_bg_enable_color__hover=\u00bbon\u00bb button_border_width__hover_enabled=\u00bboff|hover\u00bb button_border_width__hover=\u00bb0px\u00bb button_border_color__hover_enabled=\u00bbon|desktop\u00bb button_border_color__hover=\u00bbRGBA(255,255,255,0)\u00bb button_icon_color__hover_enabled=\u00bbon|desktop\u00bb][\/et_pb_button][\/et_pb_column][\/et_pb_row][et_pb_row _builder_version=\u00bb4.19.4&#8243; _module_preset=\u00bbdefault\u00bb global_colors_info=\u00bb{}\u00bb][et_pb_column type=\u00bb4_4&#8243; _builder_version=\u00bb4.19.4&#8243; _module_preset=\u00bbdefault\u00bb global_colors_info=\u00bb{}\u00bb][et_pb_text _builder_version=\u00bb4.23.1&#8243; _module_preset=\u00bbdefault\u00bb text_font=\u00bb||||||||\u00bb global_colors_info=\u00bb{}\u00bb]<\/p>\n<p style=\"text-align: justify;\"><strong>P\u00fablico<\/strong>: General, no es necesaria una formaci\u00f3n previa especializada y ser\u00e1n tambi\u00e9n bienvenidas las personas de diversos sectores profesionales con inter\u00e9s por la naturaleza, la salud o la alimentaci\u00f3n y la cocina.<\/p>\n<p><strong>Dificultad:<\/strong> Baja. Caminaremos por senderos y caminos de arena y con piedras con poca pendiente. Es necesario que las personas est\u00e9n acostumbradas al tr\u00e1fico fuera de los caminos.<\/p>\n<p><strong>Transporte<\/strong>: Recomendamos usar el transporte p\u00fablico pero tambi\u00e9n puede venir en veh\u00edculos privados. Se potenciar\u00e1 el uso compartido de veh\u00edculos para minimizar el impacto en el entorno. \u00a1En caso de alguna dificultad en encontrar transporte, cons\u00faltanos y buscaremos la mejor soluci\u00f3n!.<\/p>\n<p>&nbsp;<\/p>\n<p>[\/et_pb_text][\/et_pb_column][\/et_pb_row][\/et_pb_section]<\/p>\n","protected":false},"excerpt":{"rendered":"<p>6 abril 2024<\/p>\n","protected":false},"author":1,"featured_media":5415,"comment_status":"closed","ping_status":"closed","sticky":false,"template":"","format":"standard","meta":{"_et_pb_use_builder":"on","_et_pb_old_content":"","_et_gb_content_width":"","footnotes":""},"categories":[6],"tags":[],"class_list":["post-5424","post","type-post","status-publish","format-standard","has-post-thumbnail","hentry","category-sin-categorizar"],"aioseo_notices":[],"_links":{"self":[{"href":"https:\/\/naturalwalks.com\/es\/wp-json\/wp\/v2\/posts\/5424","targetHints":{"allow":["GET"]}}],"collection":[{"href":"https:\/\/naturalwalks.com\/es\/wp-json\/wp\/v2\/posts"}],"about":[{"href":"https:\/\/naturalwalks.com\/es\/wp-json\/wp\/v2\/types\/post"}],"author":[{"embeddable":true,"href":"https:\/\/naturalwalks.com\/es\/wp-json\/wp\/v2\/users\/1"}],"replies":[{"embeddable":true,"href":"https:\/\/naturalwalks.com\/es\/wp-json\/wp\/v2\/comments?post=5424"}],"version-history":[{"count":2,"href":"https:\/\/naturalwalks.com\/es\/wp-json\/wp\/v2\/posts\/5424\/revisions"}],"predecessor-version":[{"id":5426,"href":"https:\/\/naturalwalks.com\/es\/wp-json\/wp\/v2\/posts\/5424\/revisions\/5426"}],"wp:featuredmedia":[{"embeddable":true,"href":"https:\/\/naturalwalks.com\/es\/wp-json\/wp\/v2\/media\/5415"}],"wp:attachment":[{"href":"https:\/\/naturalwalks.com\/es\/wp-json\/wp\/v2\/media?parent=5424"}],"wp:term":[{"taxonomy":"category","embeddable":true,"href":"https:\/\/naturalwalks.com\/es\/wp-json\/wp\/v2\/categories?post=5424"},{"taxonomy":"post_tag","embeddable":true,"href":"https:\/\/naturalwalks.com\/es\/wp-json\/wp\/v2\/tags?post=5424"}],"curies":[{"name":"wp","href":"https:\/\/api.w.org\/{rel}","templated":true}]}}